{"id":3310,"date":"2024-12-16T10:36:34","date_gmt":"2024-12-16T10:36:34","guid":{"rendered":"https:\/\/park-pelister.com\/?p=3310"},"modified":"2024-12-16T10:37:14","modified_gmt":"2024-12-16T10:37:14","slug":"novogodisen-bazar-pelister","status":"publish","type":"post","link":"https:\/\/park-pelister.com\/sq\/novogodisen-bazar-pelister\/","title":{"rendered":"Pazari i Vitit t\u00eb Ri &#8220;Shija e Pelisterit&#8221;"},"content":{"rendered":"<p><\/p>\n<div class=\"xdj266r x11i5rnm xat24cr x1mh8g0r x1vvkbs x126k92a\">\n<div dir=\"auto\">\n<h6>04.12.2024<\/h6>\n<p>Qendra informative e Pelisterit n\u00eb petkun e Vitit t\u00eb Ri! Gjith\u00e7ka \u00ebsht\u00eb gati p\u00ebr pazarin e vitit t\u00eb ri &#8220;Shija e Pelisterit&#8221; n\u00eb kuad\u00ebr t\u00eb Historis\u00eb Dim\u00ebrore t\u00eb Komun\u00ebs s\u00eb Manastirit, organizuar nga UNP Pelister.<\/p>\n<h5>22.12.2024 (e diel), ora 11:00, Infoqendra e UNP Pelister<\/h5>\n<p><img loading=\"lazy\" class=\"alignnone size-medium wp-image-3312\" src=\"https:\/\/park-pelister.com\/wp-content\/uploads\/2024\/12\/28.2-300x225.jpg\" alt=\"\" width=\"300\" height=\"225\" srcset=\"https:\/\/park-pelister.com\/wp-content\/uploads\/2024\/12\/28.2-300x225.jpg 300w, https:\/\/park-pelister.com\/wp-content\/uploads\/2024\/12\/28.2-768x576.jpg 768w, https:\/\/park-pelister.com\/wp-content\/uploads\/2024\/12\/28.2.jpg 800w\" sizes=\"(max-width: 300px) 100vw, 300px\" \/> \u00a0 <img loading=\"lazy\" class=\"alignnone size-medium wp-image-3311\" src=\"https:\/\/park-pelister.com\/wp-content\/uploads\/2024\/12\/28.1-300x225.jpg\" alt=\"\" width=\"300\" height=\"225\" srcset=\"https:\/\/park-pelister.com\/wp-content\/uploads\/2024\/12\/28.1-300x225.jpg 300w, https:\/\/park-pelister.com\/wp-content\/uploads\/2024\/12\/28.1-768x576.jpg 768w, https:\/\/park-pelister.com\/wp-content\/uploads\/2024\/12\/28.1.jpg 800w\" sizes=\"(max-width: 300px) 100vw, 300px\" \/><\/p>\n<\/div>\n<\/div>\n<p><\/p>","protected":false},"excerpt":{"rendered":"<p>04.12.2024 Qendra informative e Pelisterit n\u00eb petkun e Vitit t\u00eb Ri! Gjith\u00e7ka \u00ebsht\u00eb gati p\u00ebr pazarin e vitit t\u00eb ri &#8220;Shija e Pelisterit&#8221; n\u00eb kuad\u00ebr t\u00eb Historis\u00eb Dim\u00ebrore t\u00eb Komun\u00ebs s\u00eb Manastirit, organizuar nga UNP Pelister. 22.12.2024 (e diel), ora 11:00, Infoqendra e UNP Pelister \u00a0<\/p>\n","protected":false},"author":2,"featured_media":3313,"comment_status":"closed","ping_status":"closed","sticky":false,"template":"","format":"standard","meta":[],"categories":[39],"tags":[],"_links":{"self":[{"href":"https:\/\/park-pelister.com\/sq\/wp-json\/wp\/v2\/posts\/3310"}],"collection":[{"href":"https:\/\/park-pelister.com\/sq\/wp-json\/wp\/v2\/posts"}],"about":[{"href":"https:\/\/park-pelister.com\/sq\/wp-json\/wp\/v2\/types\/post"}],"author":[{"embeddable":true,"href":"https:\/\/park-pelister.com\/sq\/wp-json\/wp\/v2\/users\/2"}],"replies":[{"embeddable":true,"href":"https:\/\/park-pelister.com\/sq\/wp-json\/wp\/v2\/comments?post=3310"}],"version-history":[{"count":2,"href":"https:\/\/park-pelister.com\/sq\/wp-json\/wp\/v2\/posts\/3310\/revisions"}],"predecessor-version":[{"id":3315,"href":"https:\/\/park-pelister.com\/sq\/wp-json\/wp\/v2\/posts\/3310\/revisions\/3315"}],"wp:featuredmedia":[{"embeddable":true,"href":"https:\/\/park-pelister.com\/sq\/wp-json\/wp\/v2\/media\/3313"}],"wp:attachment":[{"href":"https:\/\/park-pelister.com\/sq\/wp-json\/wp\/v2\/media?parent=3310"}],"wp:term":[{"taxonomy":"category","embeddable":true,"href":"https:\/\/park-pelister.com\/sq\/wp-json\/wp\/v2\/categories?post=3310"},{"taxonomy":"post_tag","embeddable":true,"href":"https:\/\/park-pelister.com\/sq\/wp-json\/wp\/v2\/tags?post=3310"}],"curies":[{"name":"wp","href":"https:\/\/api.w.org\/{rel}","templated":true}]}}